{"id":4200,"date":"2022-03-17T13:58:36","date_gmt":"2022-03-17T12:58:36","guid":{"rendered":"https:\/\/jacobskirken.dk\/?p=4200"},"modified":"2022-03-17T13:58:41","modified_gmt":"2022-03-17T12:58:41","slug":"doedsfald-og-begravelse","status":"publish","type":"post","link":"https:\/\/aabenkirkeodense.dk\/en\/doedsfald-og-begravelse\/","title":{"rendered":"D\u00f8dsfald og begravelse"},"content":{"rendered":"<p>K\u00e6re menighed.<\/p>\n\n\n\n<p>Mandag d. 14 marts kl. 22.55 gik Rosa Agnete Petersen hjem til Herren.<\/p>\n\n\n\n<p>Rosa har siden 2005 v\u00e6ret p\u00e5 plejecentret Haveb\u00e6k, har de senere \u00e5r v\u00e6ret plaget af demens, og hun sov stille ind mandag aften, med den n\u00e6rmeste familie hos sig.&nbsp;Rosa blev 94 \u00e5r.<\/p>\n\n\n\n<p>Rosa blev d\u00f8bt ind i Jacobskirken ved en kampagne med&nbsp;Sigvard Wallenberg i 1983 og tjente herefter med i menigheden s\u00e5 vidt kr\u00e6fterne rakte. Hun&nbsp;var en gavmild, f\u00f8lsom og musikalsk kvinde, der gav sin gl\u00e6de for musikken videre til sin datter Hj\u00f8rdis, til stor gl\u00e6de for menigheden frem til i dag.<\/p>\n\n\n\n<p>Begravelsen finder sted fredag d. 25. marts kl. 14.30 fra Jacobskirken, Thorsgade 40, 5000 Odense C, med efterf\u00f8lgende jordf\u00e6stelse p\u00e5 Assistens Kirkeg\u00e5rd.&nbsp;<\/p>\n\n\n\n<p>\u00c6re v\u00e6re Rosa Agnete Petersen minde<\/p>","protected":false},"excerpt":{"rendered":"<p>K\u00e6re menighed. Mandag d. 14 marts kl. 22.55 gik Rosa Agnete Petersen hjem til Herren. Rosa har siden 2005 v\u00e6ret p\u00e5 plejecentret Haveb\u00e6k, har de senere \u00e5r v\u00e6ret plaget af demens, og hun sov stille ind mandag aften, med den n\u00e6rmeste familie hos sig.&nbsp;Rosa blev 94 \u00e5r. Rosa blev d\u00f8bt ind i Jacobskirken ved en [&hellip;]<\/p>\n","protected":false},"author":3,"featured_media":0,"comment_status":"open","ping_status":"open","sticky":false,"template":"","format":"standard","meta":{"footnotes":""},"categories":[1],"tags":[],"class_list":["post-4200","post","type-post","status-publish","format-standard","hentry","category-uncategorized"],"aioseo_notices":[],"publishpress_future_action":{"enabled":false,"date":"2026-05-06 23:52:09","action":"change-status","newStatus":"draft","terms":[],"taxonomy":"category","extraData":[]},"publishpress_future_workflow_manual_trigger":{"enabledWorkflows":[]},"_links":{"self":[{"href":"https:\/\/aabenkirkeodense.dk\/en\/wp-json\/wp\/v2\/posts\/4200","targetHints":{"allow":["GET"]}}],"collection":[{"href":"https:\/\/aabenkirkeodense.dk\/en\/wp-json\/wp\/v2\/posts"}],"about":[{"href":"https:\/\/aabenkirkeodense.dk\/en\/wp-json\/wp\/v2\/types\/post"}],"author":[{"embeddable":true,"href":"https:\/\/aabenkirkeodense.dk\/en\/wp-json\/wp\/v2\/users\/3"}],"replies":[{"embeddable":true,"href":"https:\/\/aabenkirkeodense.dk\/en\/wp-json\/wp\/v2\/comments?post=4200"}],"version-history":[{"count":1,"href":"https:\/\/aabenkirkeodense.dk\/en\/wp-json\/wp\/v2\/posts\/4200\/revisions"}],"predecessor-version":[{"id":4201,"href":"https:\/\/aabenkirkeodense.dk\/en\/wp-json\/wp\/v2\/posts\/4200\/revisions\/4201"}],"wp:attachment":[{"href":"https:\/\/aabenkirkeodense.dk\/en\/wp-json\/wp\/v2\/media?parent=4200"}],"wp:term":[{"taxonomy":"category","embeddable":true,"href":"https:\/\/aabenkirkeodense.dk\/en\/wp-json\/wp\/v2\/categories?post=4200"},{"taxonomy":"post_tag","embeddable":true,"href":"https:\/\/aabenkirkeodense.dk\/en\/wp-json\/wp\/v2\/tags?post=4200"}],"curies":[{"name":"wp","href":"https:\/\/api.w.org\/{rel}","templated":true}]}}